{"id":873,"date":"2019-10-24T14:54:28","date_gmt":"2019-10-24T12:54:28","guid":{"rendered":"http:\/\/handwerk-atelier.ch\/?p=873"},"modified":"2019-10-24T21:30:57","modified_gmt":"2019-10-24T19:30:57","slug":"der-herbst-ist-goldig","status":"publish","type":"post","link":"https:\/\/handwerk-atelier.ch\/index.php\/2019\/10\/24\/der-herbst-ist-goldig\/","title":{"rendered":"Der Herbst ist goldig"},"content":{"rendered":"\n<p>Der Herbst ist goldig.  Das HandWerk Atelier hat wieder von Montag bis Freitag am Vormittag  von 9 bis 11 Uhr ge\u00f6ffnet. Kommt auf einen Kaffee vorbei und l\u00e4sst euch  inspirieren.  Kreativ sein ist Yoga f\u00fcr die Seele und die H\u00e4nde! <\/p>\n","protected":false},"excerpt":{"rendered":"<p>Der Herbst ist goldig. Das HandWerk Atelier hat wieder von Montag bis Freitag am Vormittag von 9 bis 11 Uhr ge\u00f6ffnet. Kommt auf einen Kaffee vorbei und l\u00e4sst euch inspirieren. Kreativ sein ist Yoga f\u00fcr die Seele und die H\u00e4nde!<\/p>\n","protected":false},"author":3,"featured_media":878,"comment_status":"closed","ping_status":"open","sticky":false,"template":"","format":"standard","meta":{"footnotes":""},"categories":[1],"tags":[],"class_list":["post-873","post","type-post","status-publish","format-standard","has-post-thumbnail","hentry","category-aktuelles"],"_links":{"self":[{"href":"https:\/\/handwerk-atelier.ch\/index.php\/wp-json\/wp\/v2\/posts\/873","targetHints":{"allow":["GET"]}}],"collection":[{"href":"https:\/\/handwerk-atelier.ch\/index.php\/wp-json\/wp\/v2\/posts"}],"about":[{"href":"https:\/\/handwerk-atelier.ch\/index.php\/wp-json\/wp\/v2\/types\/post"}],"author":[{"embeddable":true,"href":"https:\/\/handwerk-atelier.ch\/index.php\/wp-json\/wp\/v2\/users\/3"}],"replies":[{"embeddable":true,"href":"https:\/\/handwerk-atelier.ch\/index.php\/wp-json\/wp\/v2\/comments?post=873"}],"version-history":[{"count":2,"href":"https:\/\/handwerk-atelier.ch\/index.php\/wp-json\/wp\/v2\/posts\/873\/revisions"}],"predecessor-version":[{"id":883,"href":"https:\/\/handwerk-atelier.ch\/index.php\/wp-json\/wp\/v2\/posts\/873\/revisions\/883"}],"wp:featuredmedia":[{"embeddable":true,"href":"https:\/\/handwerk-atelier.ch\/index.php\/wp-json\/wp\/v2\/media\/878"}],"wp:attachment":[{"href":"https:\/\/handwerk-atelier.ch\/index.php\/wp-json\/wp\/v2\/media?parent=873"}],"wp:term":[{"taxonomy":"category","embeddable":true,"href":"https:\/\/handwerk-atelier.ch\/index.php\/wp-json\/wp\/v2\/categories?post=873"},{"taxonomy":"post_tag","embeddable":true,"href":"https:\/\/handwerk-atelier.ch\/index.php\/wp-json\/wp\/v2\/tags?post=873"}],"curies":[{"name":"wp","href":"https:\/\/api.w.org\/{rel}","templated":true}]}}