{"id":687,"date":"2018-08-12T18:53:10","date_gmt":"2018-08-12T18:53:10","guid":{"rendered":"http:\/\/handwerk-atelier.ch\/?p=687"},"modified":"2018-08-12T18:53:10","modified_gmt":"2018-08-12T18:53:10","slug":"kulturcontainer-in-wil-am-12-august-2018","status":"publish","type":"post","link":"https:\/\/handwerk-atelier.ch\/index.php\/2018\/08\/12\/kulturcontainer-in-wil-am-12-august-2018\/","title":{"rendered":"Kulturcontainer in Wil am 12. August 2018"},"content":{"rendered":"<p>Wir waren im Kulturcontainer und haben mit Herzblut gebastelt.\u00a0 Das war einfach herrlich, die Sonne hat das Fest mit W\u00e4rme und Licht \u00fcbergossen! Das n\u00e4chste Mal sind wir am Kulturcontainer in Gossau am Samstag 15. September 2018. Wir hoffen wieder auf wundersch\u00f6nes Wetter! Kommt doch auch!<\/p>\n","protected":false},"excerpt":{"rendered":"<p>Wir waren im Kulturcontainer und haben mit Herzblut gebastelt.\u00a0 Das war einfach herrlich, die Sonne hat das Fest mit W\u00e4rme und Licht \u00fcbergossen! Das n\u00e4chste Mal sind wir am Kulturcontainer in Gossau am Samstag 15. September 2018. Wir hoffen wieder auf wundersch\u00f6nes Wetter! Kommt doch auch!<\/p>\n","protected":false},"author":3,"featured_media":669,"comment_status":"closed","ping_status":"open","sticky":false,"template":"","format":"standard","meta":{"footnotes":""},"categories":[1],"tags":[],"class_list":["post-687","post","type-post","status-publish","format-standard","has-post-thumbnail","hentry","category-aktuelles"],"_links":{"self":[{"href":"https:\/\/handwerk-atelier.ch\/index.php\/wp-json\/wp\/v2\/posts\/687","targetHints":{"allow":["GET"]}}],"collection":[{"href":"https:\/\/handwerk-atelier.ch\/index.php\/wp-json\/wp\/v2\/posts"}],"about":[{"href":"https:\/\/handwerk-atelier.ch\/index.php\/wp-json\/wp\/v2\/types\/post"}],"author":[{"embeddable":true,"href":"https:\/\/handwerk-atelier.ch\/index.php\/wp-json\/wp\/v2\/users\/3"}],"replies":[{"embeddable":true,"href":"https:\/\/handwerk-atelier.ch\/index.php\/wp-json\/wp\/v2\/comments?post=687"}],"version-history":[{"count":2,"href":"https:\/\/handwerk-atelier.ch\/index.php\/wp-json\/wp\/v2\/posts\/687\/revisions"}],"predecessor-version":[{"id":689,"href":"https:\/\/handwerk-atelier.ch\/index.php\/wp-json\/wp\/v2\/posts\/687\/revisions\/689"}],"wp:featuredmedia":[{"embeddable":true,"href":"https:\/\/handwerk-atelier.ch\/index.php\/wp-json\/wp\/v2\/media\/669"}],"wp:attachment":[{"href":"https:\/\/handwerk-atelier.ch\/index.php\/wp-json\/wp\/v2\/media?parent=687"}],"wp:term":[{"taxonomy":"category","embeddable":true,"href":"https:\/\/handwerk-atelier.ch\/index.php\/wp-json\/wp\/v2\/categories?post=687"},{"taxonomy":"post_tag","embeddable":true,"href":"https:\/\/handwerk-atelier.ch\/index.php\/wp-json\/wp\/v2\/tags?post=687"}],"curies":[{"name":"wp","href":"https:\/\/api.w.org\/{rel}","templated":true}]}}