{"id":673,"date":"2018-05-16T19:24:38","date_gmt":"2018-05-16T19:24:38","guid":{"rendered":"http:\/\/handwerk-atelier.ch\/?p=673"},"modified":"2018-05-16T19:55:10","modified_gmt":"2018-05-16T19:55:10","slug":"feengarten-und-feentuere-in-mai-und-juni","status":"publish","type":"post","link":"https:\/\/handwerk-atelier.ch\/index.php\/2018\/05\/16\/feengarten-und-feentuere-in-mai-und-juni\/","title":{"rendered":"Feengarten und Feent\u00fcre in Mai und Juni"},"content":{"rendered":"<p>Die Bastelfee ist immer da, bei uns im HandWerk Atelier.\u00a0 Aber im Fr\u00fchling und im Sommer wollen wir auch an die Gartenfee denken.\u00a0 Deshalb bauen wir einen Feengarten oder Feenterrasse oder eine Feent\u00fcr f\u00fcr die mystische Lichtgestalten.\u00a0 Wir haben viel Moos, sch\u00f6ne \u00c4ste, Rinde, Sonnenschirme, T\u00f6pfe, Giesskanne, St\u00fchle, Vogelh\u00e4user, und vieles mehr, nat\u00fcrlich alles in Feengr\u00f6sse!\u00a0 Kommt und bastelt mit uns ein herziges G\u00e4rtli oder T\u00fcre f\u00fcr die Feen.\u00a0 Wir geben euch gerne ein Feenflyer mit, so dass deine Fee den Weg zu ihrem G\u00e4rtli findet!\u00a0 Anmelden wie gewohnt bei Claudia.<\/p>\n","protected":false},"excerpt":{"rendered":"<p>Die Bastelfee ist immer da, bei uns im HandWerk Atelier.\u00a0 Aber im Fr\u00fchling und im Sommer wollen wir auch an die Gartenfee denken.\u00a0 Deshalb bauen wir einen Feengarten oder Feenterrasse oder eine Feent\u00fcr f\u00fcr die mystische Lichtgestalten.\u00a0 Wir haben viel Moos, sch\u00f6ne \u00c4ste, Rinde, Sonnenschirme, T\u00f6pfe, Giesskanne, St\u00fchle, Vogelh\u00e4user, und vieles mehr, nat\u00fcrlich alles in [&hellip;]<\/p>\n","protected":false},"author":3,"featured_media":674,"comment_status":"closed","ping_status":"open","sticky":false,"template":"","format":"standard","meta":{"footnotes":""},"categories":[1],"tags":[],"class_list":["post-673","post","type-post","status-publish","format-standard","has-post-thumbnail","hentry","category-aktuelles"],"_links":{"self":[{"href":"https:\/\/handwerk-atelier.ch\/index.php\/wp-json\/wp\/v2\/posts\/673","targetHints":{"allow":["GET"]}}],"collection":[{"href":"https:\/\/handwerk-atelier.ch\/index.php\/wp-json\/wp\/v2\/posts"}],"about":[{"href":"https:\/\/handwerk-atelier.ch\/index.php\/wp-json\/wp\/v2\/types\/post"}],"author":[{"embeddable":true,"href":"https:\/\/handwerk-atelier.ch\/index.php\/wp-json\/wp\/v2\/users\/3"}],"replies":[{"embeddable":true,"href":"https:\/\/handwerk-atelier.ch\/index.php\/wp-json\/wp\/v2\/comments?post=673"}],"version-history":[{"count":3,"href":"https:\/\/handwerk-atelier.ch\/index.php\/wp-json\/wp\/v2\/posts\/673\/revisions"}],"predecessor-version":[{"id":678,"href":"https:\/\/handwerk-atelier.ch\/index.php\/wp-json\/wp\/v2\/posts\/673\/revisions\/678"}],"wp:featuredmedia":[{"embeddable":true,"href":"https:\/\/handwerk-atelier.ch\/index.php\/wp-json\/wp\/v2\/media\/674"}],"wp:attachment":[{"href":"https:\/\/handwerk-atelier.ch\/index.php\/wp-json\/wp\/v2\/media?parent=673"}],"wp:term":[{"taxonomy":"category","embeddable":true,"href":"https:\/\/handwerk-atelier.ch\/index.php\/wp-json\/wp\/v2\/categories?post=673"},{"taxonomy":"post_tag","embeddable":true,"href":"https:\/\/handwerk-atelier.ch\/index.php\/wp-json\/wp\/v2\/tags?post=673"}],"curies":[{"name":"wp","href":"https:\/\/api.w.org\/{rel}","templated":true}]}}