{"id":646,"date":"2018-05-01T20:41:56","date_gmt":"2018-05-01T20:41:56","guid":{"rendered":"http:\/\/handwerk-atelier.ch\/?p=646"},"modified":"2018-05-01T20:41:56","modified_gmt":"2018-05-01T20:41:56","slug":"die-mystische-welt-der-feen-am-maimarkt","status":"publish","type":"post","link":"https:\/\/handwerk-atelier.ch\/index.php\/2018\/05\/01\/die-mystische-welt-der-feen-am-maimarkt\/","title":{"rendered":"die mystische Welt der Feen am Maimarkt"},"content":{"rendered":"<p>Am Maimarkt am 5. und 6. Mai haben wir ge\u00f6ffnet.\u00a0 Wir haben sch\u00f6ne Etag\u00e8res, Feenwelten, Handyladet\u00e4schlis und vieles mehr.\u00a0 Auch Corinne ist am Maimarkt dabei, also kommt um mehr zu erfahren \u00fcber die D\u00f6TERRA \u00d6le.\u00a0 Herzlich willkommen!<\/p>\n","protected":false},"excerpt":{"rendered":"<p>Am Maimarkt am 5. und 6. Mai haben wir ge\u00f6ffnet.\u00a0 Wir haben sch\u00f6ne Etag\u00e8res, Feenwelten, Handyladet\u00e4schlis und vieles mehr.\u00a0 Auch Corinne ist am Maimarkt dabei, also kommt um mehr zu erfahren \u00fcber die D\u00f6TERRA \u00d6le.\u00a0 Herzlich willkommen!<\/p>\n","protected":false},"author":3,"featured_media":647,"comment_status":"closed","ping_status":"open","sticky":false,"template":"","format":"standard","meta":{"footnotes":""},"categories":[1],"tags":[],"class_list":["post-646","post","type-post","status-publish","format-standard","has-post-thumbnail","hentry","category-aktuelles"],"_links":{"self":[{"href":"https:\/\/handwerk-atelier.ch\/index.php\/wp-json\/wp\/v2\/posts\/646","targetHints":{"allow":["GET"]}}],"collection":[{"href":"https:\/\/handwerk-atelier.ch\/index.php\/wp-json\/wp\/v2\/posts"}],"about":[{"href":"https:\/\/handwerk-atelier.ch\/index.php\/wp-json\/wp\/v2\/types\/post"}],"author":[{"embeddable":true,"href":"https:\/\/handwerk-atelier.ch\/index.php\/wp-json\/wp\/v2\/users\/3"}],"replies":[{"embeddable":true,"href":"https:\/\/handwerk-atelier.ch\/index.php\/wp-json\/wp\/v2\/comments?post=646"}],"version-history":[{"count":2,"href":"https:\/\/handwerk-atelier.ch\/index.php\/wp-json\/wp\/v2\/posts\/646\/revisions"}],"predecessor-version":[{"id":651,"href":"https:\/\/handwerk-atelier.ch\/index.php\/wp-json\/wp\/v2\/posts\/646\/revisions\/651"}],"wp:featuredmedia":[{"embeddable":true,"href":"https:\/\/handwerk-atelier.ch\/index.php\/wp-json\/wp\/v2\/media\/647"}],"wp:attachment":[{"href":"https:\/\/handwerk-atelier.ch\/index.php\/wp-json\/wp\/v2\/media?parent=646"}],"wp:term":[{"taxonomy":"category","embeddable":true,"href":"https:\/\/handwerk-atelier.ch\/index.php\/wp-json\/wp\/v2\/categories?post=646"},{"taxonomy":"post_tag","embeddable":true,"href":"https:\/\/handwerk-atelier.ch\/index.php\/wp-json\/wp\/v2\/tags?post=646"}],"curies":[{"name":"wp","href":"https:\/\/api.w.org\/{rel}","templated":true}]}}