{"id":374,"date":"2017-02-17T11:45:05","date_gmt":"2017-02-17T11:45:05","guid":{"rendered":"http:\/\/handwerk-atelier.ch\/?p=374"},"modified":"2017-02-17T11:45:12","modified_gmt":"2017-02-17T11:45:12","slug":"oeffnungszeiten-waehrend-den-skiferien-von-samstag-18-februar-bis-sonntag-26-februar","status":"publish","type":"post","link":"https:\/\/handwerk-atelier.ch\/index.php\/2017\/02\/17\/oeffnungszeiten-waehrend-den-skiferien-von-samstag-18-februar-bis-sonntag-26-februar\/","title":{"rendered":"\u00d6ffnungszeiten w\u00e4hrend den Skiferien von Samstag 18.Februar bis Sonntag 26. Februar"},"content":{"rendered":"<div data-contents=\"true\">\n<div data-editor=\"eavp9\" data-offset-key=\"bk529-0-0\" data-block=\"true\">\n<div class=\"_1mf _1mj\" data-offset-key=\"bk529-0-0\"><span data-offset-key=\"bk529-0-0\">Das HandWerk Atelier macht Skiferien.<\/span><\/div>\n<\/div>\n<div data-editor=\"eavp9\" data-offset-key=\"frl71-0-0\" data-block=\"true\">\n<div class=\"_1mf _1mj\" data-offset-key=\"frl71-0-0\"><span data-offset-key=\"frl71-0-0\">Von Samstag 18. Februar bis Sonntag 26.Februar ist das HandWerk Atelier nur auf Anfrage ge\u00f6ffnet. <\/span><\/div>\n<div class=\"_1mf _1mj\" data-offset-key=\"frl71-0-0\"><span data-offset-key=\"frl71-0-0\">Unter Tel: 079 331 30 52 k\u00f6nnt ihr Claudia Th\u00fcrlemann anfragen wann du deine Kreativit\u00e4t ausleben kommen kannst. <\/span><\/div>\n<div class=\"_1mf _1mj\" data-offset-key=\"frl71-0-0\"><\/div>\n<div class=\"_1mf _1mj\" data-offset-key=\"frl71-0-0\"><span data-offset-key=\"frl71-0-0\">Und sonst seid kreativ auf der Skipiste!! Viel Spass!<\/span><\/div>\n<\/div>\n<\/div>\n","protected":false},"excerpt":{"rendered":"<p>Das HandWerk Atelier macht Skiferien. Von Samstag 18. Februar bis Sonntag 26.Februar ist das HandWerk Atelier nur auf Anfrage ge\u00f6ffnet. Unter Tel: 079 331 30 52 k\u00f6nnt ihr Claudia Th\u00fcrlemann anfragen wann du deine Kreativit\u00e4t ausleben kommen kannst. Und sonst seid kreativ auf der Skipiste!! Viel Spass!<\/p>\n","protected":false},"author":3,"featured_media":375,"comment_status":"closed","ping_status":"open","sticky":false,"template":"","format":"standard","meta":{"footnotes":""},"categories":[1],"tags":[],"class_list":["post-374","post","type-post","status-publish","format-standard","has-post-thumbnail","hentry","category-aktuelles"],"_links":{"self":[{"href":"https:\/\/handwerk-atelier.ch\/index.php\/wp-json\/wp\/v2\/posts\/374","targetHints":{"allow":["GET"]}}],"collection":[{"href":"https:\/\/handwerk-atelier.ch\/index.php\/wp-json\/wp\/v2\/posts"}],"about":[{"href":"https:\/\/handwerk-atelier.ch\/index.php\/wp-json\/wp\/v2\/types\/post"}],"author":[{"embeddable":true,"href":"https:\/\/handwerk-atelier.ch\/index.php\/wp-json\/wp\/v2\/users\/3"}],"replies":[{"embeddable":true,"href":"https:\/\/handwerk-atelier.ch\/index.php\/wp-json\/wp\/v2\/comments?post=374"}],"version-history":[{"count":1,"href":"https:\/\/handwerk-atelier.ch\/index.php\/wp-json\/wp\/v2\/posts\/374\/revisions"}],"predecessor-version":[{"id":376,"href":"https:\/\/handwerk-atelier.ch\/index.php\/wp-json\/wp\/v2\/posts\/374\/revisions\/376"}],"wp:featuredmedia":[{"embeddable":true,"href":"https:\/\/handwerk-atelier.ch\/index.php\/wp-json\/wp\/v2\/media\/375"}],"wp:attachment":[{"href":"https:\/\/handwerk-atelier.ch\/index.php\/wp-json\/wp\/v2\/media?parent=374"}],"wp:term":[{"taxonomy":"category","embeddable":true,"href":"https:\/\/handwerk-atelier.ch\/index.php\/wp-json\/wp\/v2\/categories?post=374"},{"taxonomy":"post_tag","embeddable":true,"href":"https:\/\/handwerk-atelier.ch\/index.php\/wp-json\/wp\/v2\/tags?post=374"}],"curies":[{"name":"wp","href":"https:\/\/api.w.org\/{rel}","templated":true}]}}