{"id":342,"date":"2016-11-28T15:46:27","date_gmt":"2016-11-28T15:46:27","guid":{"rendered":"http:\/\/handwerk-atelier.ch\/?p=342"},"modified":"2016-11-28T15:46:27","modified_gmt":"2016-11-28T15:46:27","slug":"weihnachtsausstellung-von-29-november-bis-und-mit-2-dezember-2016","status":"publish","type":"post","link":"https:\/\/handwerk-atelier.ch\/index.php\/2016\/11\/28\/weihnachtsausstellung-von-29-november-bis-und-mit-2-dezember-2016\/","title":{"rendered":"Weihnachtsausstellung von 29. November bis und mit 2. Dezember 2016"},"content":{"rendered":"<p>In gem\u00fctlicher Atmosphere stimmen wir uns auf Weihnachten ein, mit Weihnachtsmusik, duftendem Tee und mit Liebe gemachter Deko.<\/p>\n<p>Es wird ein fr\u00f6hliches Durcheinander von Glasperlen, Engel, Etag\u00e8res, kreative Weihnachtsb\u00e4ume und Filzobjekte. Schauen Sie beim Filzen\u00a0oder Glasperlen drehen zu! Wir \u00f6ffnen unsere T\u00fcre und unser Herz f\u00fcr Weihnachten.<\/p>\n<p><strong>Dienstag 29. November bis und mit Freitag 2. Dezember,\u00a0von 14:00 Uhr bis 20:00 Uhr.<\/strong><\/p>\n<p>G\u00f6nnen Sie sich eine kurze Auszeit aus dem Weihnachtsstress und besuchen Sie uns. Wir freuen uns auf Sie!<\/p>\n","protected":false},"excerpt":{"rendered":"<p>In gem\u00fctlicher Atmosphere stimmen wir uns auf Weihnachten ein, mit Weihnachtsmusik, duftendem Tee und mit Liebe gemachter Deko. Es wird ein fr\u00f6hliches Durcheinander von Glasperlen, Engel, Etag\u00e8res, kreative Weihnachtsb\u00e4ume und Filzobjekte. Schauen Sie beim Filzen\u00a0oder Glasperlen drehen zu! Wir \u00f6ffnen unsere T\u00fcre und unser Herz f\u00fcr Weihnachten. Dienstag 29. November bis und mit Freitag 2. [&hellip;]<\/p>\n","protected":false},"author":3,"featured_media":344,"comment_status":"closed","ping_status":"open","sticky":false,"template":"","format":"standard","meta":{"footnotes":""},"categories":[1],"tags":[],"class_list":["post-342","post","type-post","status-publish","format-standard","has-post-thumbnail","hentry","category-aktuelles"],"_links":{"self":[{"href":"https:\/\/handwerk-atelier.ch\/index.php\/wp-json\/wp\/v2\/posts\/342","targetHints":{"allow":["GET"]}}],"collection":[{"href":"https:\/\/handwerk-atelier.ch\/index.php\/wp-json\/wp\/v2\/posts"}],"about":[{"href":"https:\/\/handwerk-atelier.ch\/index.php\/wp-json\/wp\/v2\/types\/post"}],"author":[{"embeddable":true,"href":"https:\/\/handwerk-atelier.ch\/index.php\/wp-json\/wp\/v2\/users\/3"}],"replies":[{"embeddable":true,"href":"https:\/\/handwerk-atelier.ch\/index.php\/wp-json\/wp\/v2\/comments?post=342"}],"version-history":[{"count":3,"href":"https:\/\/handwerk-atelier.ch\/index.php\/wp-json\/wp\/v2\/posts\/342\/revisions"}],"predecessor-version":[{"id":346,"href":"https:\/\/handwerk-atelier.ch\/index.php\/wp-json\/wp\/v2\/posts\/342\/revisions\/346"}],"wp:featuredmedia":[{"embeddable":true,"href":"https:\/\/handwerk-atelier.ch\/index.php\/wp-json\/wp\/v2\/media\/344"}],"wp:attachment":[{"href":"https:\/\/handwerk-atelier.ch\/index.php\/wp-json\/wp\/v2\/media?parent=342"}],"wp:term":[{"taxonomy":"category","embeddable":true,"href":"https:\/\/handwerk-atelier.ch\/index.php\/wp-json\/wp\/v2\/categories?post=342"},{"taxonomy":"post_tag","embeddable":true,"href":"https:\/\/handwerk-atelier.ch\/index.php\/wp-json\/wp\/v2\/tags?post=342"}],"curies":[{"name":"wp","href":"https:\/\/api.w.org\/{rel}","templated":true}]}}