{"id":267,"date":"2016-08-18T20:08:26","date_gmt":"2016-08-18T20:08:26","guid":{"rendered":"http:\/\/handwerk-atelier.ch\/?p=267"},"modified":"2016-08-18T20:10:28","modified_gmt":"2016-08-18T20:10:28","slug":"workshop-etagere-bohren","status":"publish","type":"post","link":"https:\/\/handwerk-atelier.ch\/index.php\/2016\/08\/18\/workshop-etagere-bohren\/","title":{"rendered":"Workshop Etag\u00e8re bohren."},"content":{"rendered":"<p><a href=\"http:\/\/handwerk-atelier.ch\/wp-content\/uploads\/IMG_3963.jpg\"><img loading=\"lazy\" decoding=\"async\" class=\"alignnone  wp-image-269\" src=\"http:\/\/handwerk-atelier.ch\/wp-content\/uploads\/IMG_3963.jpg\" alt=\"IMG_3963\" width=\"1175\" height=\"877\" srcset=\"https:\/\/handwerk-atelier.ch\/wp-content\/uploads\/IMG_3963.jpg 2592w, https:\/\/handwerk-atelier.ch\/wp-content\/uploads\/IMG_3963-300x224.jpg 300w, https:\/\/handwerk-atelier.ch\/wp-content\/uploads\/IMG_3963-768x574.jpg 768w, https:\/\/handwerk-atelier.ch\/wp-content\/uploads\/IMG_3963-1024x765.jpg 1024w\" sizes=\"auto, (max-width: 1175px) 100vw, 1175px\" \/><\/a><\/p>\n<p>&nbsp;<\/p>\n<p><span class=\"_4n-j fsl\">Sch\u00f6ne alte Teller eignen sich hervorragend f\u00fcr eine Etag\u00e8re!<br \/>\nAber auch Gl\u00e4ser kann man in eine Vorratsdose verwandeln. Bring deine sch\u00f6nsten Teller oder Gl\u00e4ser und verwandle sie in ein sch\u00f6nes Deko\u2013 und Gebrauchsobjekt. Falls keine Teller vorhanden, dann kann aus einigen Tellern und T\u00e4ssli ausgew\u00e4hlt werden die wir f\u00fcr euch in der Brocki ausgesucht haben.<br \/>\nKosten: 20 CHF + Material zwischen 20 und 50 CHF<br \/>\nAnmelden bitte unter 079 331 30 52 bei Claudia Th\u00fcrlemann oder info@handwerk-atelier.ch<\/span><\/p>\n<p>Aus Alt mach sch\u00f6n !!<\/p>\n","protected":false},"excerpt":{"rendered":"<p>&nbsp; Sch\u00f6ne alte Teller eignen sich hervorragend f\u00fcr eine Etag\u00e8re! Aber auch Gl\u00e4ser kann man in eine Vorratsdose verwandeln. Bring deine sch\u00f6nsten Teller oder Gl\u00e4ser und verwandle sie in ein sch\u00f6nes Deko\u2013 und Gebrauchsobjekt. Falls keine Teller vorhanden, dann kann aus einigen Tellern und T\u00e4ssli ausgew\u00e4hlt werden die wir f\u00fcr euch in der Brocki ausgesucht [&hellip;]<\/p>\n","protected":false},"author":3,"featured_media":0,"comment_status":"closed","ping_status":"open","sticky":false,"template":"","format":"standard","meta":{"footnotes":""},"categories":[1],"tags":[],"class_list":["post-267","post","type-post","status-publish","format-standard","hentry","category-aktuelles"],"_links":{"self":[{"href":"https:\/\/handwerk-atelier.ch\/index.php\/wp-json\/wp\/v2\/posts\/267","targetHints":{"allow":["GET"]}}],"collection":[{"href":"https:\/\/handwerk-atelier.ch\/index.php\/wp-json\/wp\/v2\/posts"}],"about":[{"href":"https:\/\/handwerk-atelier.ch\/index.php\/wp-json\/wp\/v2\/types\/post"}],"author":[{"embeddable":true,"href":"https:\/\/handwerk-atelier.ch\/index.php\/wp-json\/wp\/v2\/users\/3"}],"replies":[{"embeddable":true,"href":"https:\/\/handwerk-atelier.ch\/index.php\/wp-json\/wp\/v2\/comments?post=267"}],"version-history":[{"count":2,"href":"https:\/\/handwerk-atelier.ch\/index.php\/wp-json\/wp\/v2\/posts\/267\/revisions"}],"predecessor-version":[{"id":286,"href":"https:\/\/handwerk-atelier.ch\/index.php\/wp-json\/wp\/v2\/posts\/267\/revisions\/286"}],"wp:attachment":[{"href":"https:\/\/handwerk-atelier.ch\/index.php\/wp-json\/wp\/v2\/media?parent=267"}],"wp:term":[{"taxonomy":"category","embeddable":true,"href":"https:\/\/handwerk-atelier.ch\/index.php\/wp-json\/wp\/v2\/categories?post=267"},{"taxonomy":"post_tag","embeddable":true,"href":"https:\/\/handwerk-atelier.ch\/index.php\/wp-json\/wp\/v2\/tags?post=267"}],"curies":[{"name":"wp","href":"https:\/\/api.w.org\/{rel}","templated":true}]}}