{"id":213,"date":"2016-07-02T09:30:55","date_gmt":"2016-07-02T09:30:55","guid":{"rendered":"http:\/\/handwerk-atelier.ch\/?p=213"},"modified":"2016-07-09T12:35:30","modified_gmt":"2016-07-09T12:35:30","slug":"das-handwerk-atelier-bleibt-mi-1-6-und-do-2-6-geschlossen","status":"publish","type":"post","link":"https:\/\/handwerk-atelier.ch\/index.php\/2016\/07\/02\/das-handwerk-atelier-bleibt-mi-1-6-und-do-2-6-geschlossen\/","title":{"rendered":"Kinderbasteln"},"content":{"rendered":"<p><a href=\"http:\/\/handwerk-atelier.ch\/wp-content\/uploads\/IMG_3127.jpg\"><img loading=\"lazy\" decoding=\"async\" class=\"wp-image-233 alignleft\" src=\"http:\/\/handwerk-atelier.ch\/wp-content\/uploads\/IMG_3127-224x300.jpg\" alt=\"IMG_3127\" width=\"451\" height=\"604\" srcset=\"https:\/\/handwerk-atelier.ch\/wp-content\/uploads\/IMG_3127-224x300.jpg 224w, https:\/\/handwerk-atelier.ch\/wp-content\/uploads\/IMG_3127-768x1028.jpg 768w, https:\/\/handwerk-atelier.ch\/wp-content\/uploads\/IMG_3127-765x1024.jpg 765w, https:\/\/handwerk-atelier.ch\/wp-content\/uploads\/IMG_3127.jpg 1936w\" sizes=\"auto, (max-width: 451px) 100vw, 451px\" \/><\/a><\/p>\n<p><a href=\"http:\/\/handwerk-atelier.ch\/wp-content\/uploads\/IMG_3121.jpg\"><img loading=\"lazy\" decoding=\"async\" class=\"wp-image-235 alignleft\" src=\"http:\/\/handwerk-atelier.ch\/wp-content\/uploads\/IMG_3121-224x300.jpg\" alt=\"IMG_3121\" width=\"449\" height=\"601\" srcset=\"https:\/\/handwerk-atelier.ch\/wp-content\/uploads\/IMG_3121-224x300.jpg 224w, https:\/\/handwerk-atelier.ch\/wp-content\/uploads\/IMG_3121-768x1028.jpg 768w, https:\/\/handwerk-atelier.ch\/wp-content\/uploads\/IMG_3121-765x1024.jpg 765w, https:\/\/handwerk-atelier.ch\/wp-content\/uploads\/IMG_3121.jpg 1936w\" sizes=\"auto, (max-width: 449px) 100vw, 449px\" \/><\/a><\/p>\n<p>&nbsp;<\/p>\n<p>&nbsp;<\/p>\n<p>Am Samstagmorgen, 2. Juli, von 9.30- 11.30 Uhr k\u00f6nnen Kinder ab der ersten Klasse (Kinderg\u00e4rtler in Begleitung von Eltern, Geschwistern oder Grosseltern&#8230;) dabei sein. Wir basteln ein Ferienb\u00fcchlein, um Erlebnisse hineinzuschreiben, -malen oder -zeichnen. So kannst du sch\u00f6ne Erinnerungen f\u00fcr sp\u00e4ter aufbewahren.<\/p>\n","protected":false},"excerpt":{"rendered":"<p>&nbsp; &nbsp; Am Samstagmorgen, 2. Juli, von 9.30- 11.30 Uhr k\u00f6nnen Kinder ab der ersten Klasse (Kinderg\u00e4rtler in Begleitung von Eltern, Geschwistern oder Grosseltern&#8230;) dabei sein. Wir basteln ein Ferienb\u00fcchlein, um Erlebnisse hineinzuschreiben, -malen oder -zeichnen. So kannst du sch\u00f6ne Erinnerungen f\u00fcr sp\u00e4ter aufbewahren.<\/p>\n","protected":false},"author":2,"featured_media":0,"comment_status":"closed","ping_status":"open","sticky":false,"template":"","format":"standard","meta":{"footnotes":""},"categories":[1],"tags":[],"class_list":["post-213","post","type-post","status-publish","format-standard","hentry","category-aktuelles"],"_links":{"self":[{"href":"https:\/\/handwerk-atelier.ch\/index.php\/wp-json\/wp\/v2\/posts\/213","targetHints":{"allow":["GET"]}}],"collection":[{"href":"https:\/\/handwerk-atelier.ch\/index.php\/wp-json\/wp\/v2\/posts"}],"about":[{"href":"https:\/\/handwerk-atelier.ch\/index.php\/wp-json\/wp\/v2\/types\/post"}],"author":[{"embeddable":true,"href":"https:\/\/handwerk-atelier.ch\/index.php\/wp-json\/wp\/v2\/users\/2"}],"replies":[{"embeddable":true,"href":"https:\/\/handwerk-atelier.ch\/index.php\/wp-json\/wp\/v2\/comments?post=213"}],"version-history":[{"count":11,"href":"https:\/\/handwerk-atelier.ch\/index.php\/wp-json\/wp\/v2\/posts\/213\/revisions"}],"predecessor-version":[{"id":240,"href":"https:\/\/handwerk-atelier.ch\/index.php\/wp-json\/wp\/v2\/posts\/213\/revisions\/240"}],"wp:attachment":[{"href":"https:\/\/handwerk-atelier.ch\/index.php\/wp-json\/wp\/v2\/media?parent=213"}],"wp:term":[{"taxonomy":"category","embeddable":true,"href":"https:\/\/handwerk-atelier.ch\/index.php\/wp-json\/wp\/v2\/categories?post=213"},{"taxonomy":"post_tag","embeddable":true,"href":"https:\/\/handwerk-atelier.ch\/index.php\/wp-json\/wp\/v2\/tags?post=213"}],"curies":[{"name":"wp","href":"https:\/\/api.w.org\/{rel}","templated":true}]}}