{"id":150,"date":"2015-11-19T00:02:27","date_gmt":"2015-11-19T00:02:27","guid":{"rendered":"http:\/\/handwerk-atelier.ch\/?p=150"},"modified":"2015-11-30T21:39:41","modified_gmt":"2015-11-30T21:39:41","slug":"kinderbasteln-und-weihnachtskaertchenwerkstatt","status":"publish","type":"post","link":"https:\/\/handwerk-atelier.ch\/index.php\/2015\/11\/19\/kinderbasteln-und-weihnachtskaertchenwerkstatt\/","title":{"rendered":"Kinderbasteln und Weihnachtsk\u00e4rtchenwerkstatt"},"content":{"rendered":"<p>Gerne m\u00f6chte ich Sie auf zwei Themen im HandWerk &#8211; Atelier aufmerksam machen.<\/p>\n<p><strong>Kinderbasteln<\/strong><\/p>\n<p>Am kommenden Samstagmorgen, 5. Dezember von 9.30 &#8211; 12.00 Uhr findet das erste Kinderbasteln statt. Ist ihr Kind im Kindergarten- oder Schulalter, hat es die M\u00f6glichkeit, ausgiebig zu werken und zu basteln. Ich habe verschiedene Gegenst\u00e4nde ausgeheckt, um dem unterschiedlichen Alter der Kinder gerecht zu werden. Die Kosten ersehen Sie auf der Startseite. Ich freue mich schon auf viele Anmeldungen (max. 8 Kinder).<\/p>\n<p><strong>K\u00e4rtchenwerkstatt <\/strong><strong><br \/>\n<\/strong><\/p>\n<p>Finden Sie die Idee sch\u00f6n, selbst hergestellte Weihnachtsk\u00e4rtchen zu versenden, dann kommen Sie vorbei (\u00d6ffnungszeiten siehe Homepage). Schon ganz viel Material steht bereit, um von Ihnen zu wunderbaren und ganz individuellen weihnachtlichen Grusskarten verarbeitet zu werden. Ich habe Anschauungsmaterial oder auch B\u00fccher mit vielen Ideen f\u00fcr den kreativen Anschubs. Und nat\u00fcrlich bin ich auch noch da, um Ihnen falls n\u00f6tig zur Seite zu stehen. Herzlichst Claudia Th\u00fcrlemann<\/p>\n","protected":false},"excerpt":{"rendered":"<p>Gerne m\u00f6chte ich Sie auf zwei Themen im HandWerk &#8211; Atelier aufmerksam machen. Kinderbasteln Am kommenden Samstagmorgen, 5. Dezember von 9.30 &#8211; 12.00 Uhr findet das erste Kinderbasteln statt. Ist ihr Kind im Kindergarten- oder Schulalter, hat es die M\u00f6glichkeit, ausgiebig zu werken und zu basteln. Ich habe verschiedene Gegenst\u00e4nde ausgeheckt, um dem unterschiedlichen Alter [&hellip;]<\/p>\n","protected":false},"author":2,"featured_media":0,"comment_status":"closed","ping_status":"open","sticky":false,"template":"","format":"standard","meta":{"footnotes":""},"categories":[1],"tags":[],"class_list":["post-150","post","type-post","status-publish","format-standard","hentry","category-aktuelles"],"_links":{"self":[{"href":"https:\/\/handwerk-atelier.ch\/index.php\/wp-json\/wp\/v2\/posts\/150","targetHints":{"allow":["GET"]}}],"collection":[{"href":"https:\/\/handwerk-atelier.ch\/index.php\/wp-json\/wp\/v2\/posts"}],"about":[{"href":"https:\/\/handwerk-atelier.ch\/index.php\/wp-json\/wp\/v2\/types\/post"}],"author":[{"embeddable":true,"href":"https:\/\/handwerk-atelier.ch\/index.php\/wp-json\/wp\/v2\/users\/2"}],"replies":[{"embeddable":true,"href":"https:\/\/handwerk-atelier.ch\/index.php\/wp-json\/wp\/v2\/comments?post=150"}],"version-history":[{"count":3,"href":"https:\/\/handwerk-atelier.ch\/index.php\/wp-json\/wp\/v2\/posts\/150\/revisions"}],"predecessor-version":[{"id":158,"href":"https:\/\/handwerk-atelier.ch\/index.php\/wp-json\/wp\/v2\/posts\/150\/revisions\/158"}],"wp:attachment":[{"href":"https:\/\/handwerk-atelier.ch\/index.php\/wp-json\/wp\/v2\/media?parent=150"}],"wp:term":[{"taxonomy":"category","embeddable":true,"href":"https:\/\/handwerk-atelier.ch\/index.php\/wp-json\/wp\/v2\/categories?post=150"},{"taxonomy":"post_tag","embeddable":true,"href":"https:\/\/handwerk-atelier.ch\/index.php\/wp-json\/wp\/v2\/tags?post=150"}],"curies":[{"name":"wp","href":"https:\/\/api.w.org\/{rel}","templated":true}]}}