{"id":107,"date":"2015-10-16T15:17:07","date_gmt":"2015-10-16T15:17:07","guid":{"rendered":"http:\/\/handwerk-atelier.ch\/?p=107"},"modified":"2015-11-04T23:49:09","modified_gmt":"2015-11-04T23:49:09","slug":"windlichter-filzen","status":"publish","type":"post","link":"https:\/\/handwerk-atelier.ch\/index.php\/2015\/10\/16\/windlichter-filzen\/","title":{"rendered":"Windlichter filzen"},"content":{"rendered":"<p>Die Tage werden k\u00fcrzer. Das Bed\u00fcrfnis nach Licht wird mehr&#8230;<\/p>\n<p>Margrith Br\u00fchwiler, ausgewiesene Filzspezialistin, f\u00fchrt Sie mit einem Windlicht auf stimmungsvolle Weise ins Filzen ein.<\/p>\n<p>Der Kurs findet am Donnerstag, 12. November 2015 statt.<\/p>\n<p>Er wird in zwei Staffeln gef\u00fchrt. Sie k\u00f6nnen sich den Nachmittag oder den Abend reservieren (Teilnehmerzahl: max. 8 Personen pro Anlass)<\/p>\n<p>Nachmittag: 14.00 &#8211; ca. 17.00 Uhr<\/p>\n<p>Abend: 19.00 &#8211; 22.00 Uhr<\/p>\n<p>Kosten: Fr. 10.- \/ Std. (zus\u00e4tzlich ca. Fr. 10.- Materialkosten f\u00fcr ein Glas)<\/p>\n<p>Mitnehmen:\u00a0 Trinkgl\u00e4ser, Konfigl\u00e4ser, Glasvasen, etc.<\/p>\n","protected":false},"excerpt":{"rendered":"<p>Die Tage werden k\u00fcrzer. Das Bed\u00fcrfnis nach Licht wird mehr&#8230; Margrith Br\u00fchwiler, ausgewiesene Filzspezialistin, f\u00fchrt Sie mit einem Windlicht auf stimmungsvolle Weise ins Filzen ein. Der Kurs findet am Donnerstag, 12. November 2015 statt. Er wird in zwei Staffeln gef\u00fchrt. Sie k\u00f6nnen sich den Nachmittag oder den Abend reservieren (Teilnehmerzahl: max. 8 Personen pro Anlass) [&hellip;]<\/p>\n","protected":false},"author":2,"featured_media":117,"comment_status":"closed","ping_status":"open","sticky":false,"template":"","format":"standard","meta":{"footnotes":""},"categories":[1],"tags":[],"class_list":["post-107","post","type-post","status-publish","format-standard","has-post-thumbnail","hentry","category-aktuelles"],"_links":{"self":[{"href":"https:\/\/handwerk-atelier.ch\/index.php\/wp-json\/wp\/v2\/posts\/107","targetHints":{"allow":["GET"]}}],"collection":[{"href":"https:\/\/handwerk-atelier.ch\/index.php\/wp-json\/wp\/v2\/posts"}],"about":[{"href":"https:\/\/handwerk-atelier.ch\/index.php\/wp-json\/wp\/v2\/types\/post"}],"author":[{"embeddable":true,"href":"https:\/\/handwerk-atelier.ch\/index.php\/wp-json\/wp\/v2\/users\/2"}],"replies":[{"embeddable":true,"href":"https:\/\/handwerk-atelier.ch\/index.php\/wp-json\/wp\/v2\/comments?post=107"}],"version-history":[{"count":8,"href":"https:\/\/handwerk-atelier.ch\/index.php\/wp-json\/wp\/v2\/posts\/107\/revisions"}],"predecessor-version":[{"id":148,"href":"https:\/\/handwerk-atelier.ch\/index.php\/wp-json\/wp\/v2\/posts\/107\/revisions\/148"}],"wp:featuredmedia":[{"embeddable":true,"href":"https:\/\/handwerk-atelier.ch\/index.php\/wp-json\/wp\/v2\/media\/117"}],"wp:attachment":[{"href":"https:\/\/handwerk-atelier.ch\/index.php\/wp-json\/wp\/v2\/media?parent=107"}],"wp:term":[{"taxonomy":"category","embeddable":true,"href":"https:\/\/handwerk-atelier.ch\/index.php\/wp-json\/wp\/v2\/categories?post=107"},{"taxonomy":"post_tag","embeddable":true,"href":"https:\/\/handwerk-atelier.ch\/index.php\/wp-json\/wp\/v2\/tags?post=107"}],"curies":[{"name":"wp","href":"https:\/\/api.w.org\/{rel}","templated":true}]}}